{"id":200594,"date":"2026-02-16T07:17:53","date_gmt":"2026-02-16T07:17:53","guid":{"rendered":"https:\/\/quixnet.net\/wpinstance\/hungary-magyar-launches-anti-orban-election-campaign-dw-com\/"},"modified":"2026-02-16T07:17:53","modified_gmt":"2026-02-16T07:17:53","slug":"hungary-magyar-launches-anti-orban-election-campaign-dw-com","status":"publish","type":"post","link":"https:\/\/quixnet.net\/wpinstance\/hungary-magyar-launches-anti-orban-election-campaign-dw-com\/","title":{"rendered":"Hungary: Magyar launches anti-Orban election campaign &#8211; DW.com"},"content":{"rendered":"<ol>\n<li><a href=\"https:\/\/news.google.com\/rss\/articles\/CBMijgFBVV95cUxQcnZKYjBMMU1PNWNrakhlV250ZTRDY0tRZ0duczdLcEpISThWS29MOTBualduYktVcGNQU1JYUnAzYVBmRURRMlRPb1RrRWlOZUlDbi05REFUTm9SMUxzbHpTc3QxVkNXdHZKNGpLcTlkZEFFWmVZa0NaQXRoTmZVWnAxNzRBOEtKOTFDU3R30gGOAUFVX3lxTE1keE4zbGl6c20tVTN2aHdRQWpUbVBYMFlQSGIxbEhFZVBmOUdwWDNodmlCQ1gwWHBYMEZBVVJhMGxWQUZSSUtBYmRKbXd4RldtZlp0QkV3S25TRDE0cFAzenZUVHliVW1oZXRlUmM0SlpSU2dqTU9QUElTNW1JNVgwU0JXamNGUmV2cUV4UXc?oc=5\" target=\"_blank\">Hungary: Magyar launches anti-Orban election campaign<\/a>&nbsp;&nbsp;<font color=\"#6f6f6f\">DW.com<\/font><\/li>\n<li><a href=\"https:\/\/news.google.com\/rss\/articles\/CBMi0gFBVV95cUxPODBPbVZKQzZjLUJnQ0Y5QkprWHBtX3RKcEoxNDRXejNlZl9XdW9nU1dhbzZteXNWa08xRmRhVklZd2M1M0pOTUw0ZzdiV3BGNFdlM2NLdHBTOU5yQkMydXlyTzlWS3dpQ3M1YjhVSWRzVXBNUGtSVndObFVwX3JfR2xrT0FKNFBiYjFmdEpmcXRFM1RaT2xFc3JOWXYzTVJMckZOQ0w2RElmaGhNLUZSRENPRFJLZmFfTzJKSEM4SjBDREc0RnpyQUtzbERvUTV5M2c?oc=5\" target=\"_blank\">Hungarians have had enough of Viktor Orb\u00e1n. But Trump\u2019s tailwind could save his skin | Andr\u00e1s B\u00edr\u00f3-Nagy<\/a>&nbsp;&nbsp;<font color=\"#6f6f6f\">The Guardian<\/font><\/li>\n<li><a href=\"https:\/\/news.google.com\/rss\/articles\/CBMiugFBVV95cUxOLUhYeVB6ZjBVYU83SGRORzdNdkM2UmFKeEtxUnRKUWx4SGFUamhGQUtVa1Y0bFJtQXZwQXo0V0lYNnhCcXNMVERYWGZ2T2ZOQ1FIVXhrWEFlNXlMZEFabmpoLTNYUlpEZDVwc253cXRud3JlR0tiYWVLRXdaNmctWWVZTlFsNUJVN3lVaElhMnUtOW51MHJnTDNucmJIbU1iZjREd1hnOE5LSVFxZWp6MVN6ODREY3M1R3c?oc=5\" target=\"_blank\">Hungarian Opposition Leader Vows To Defend Rights In Election Challenge To Orban<\/a>&nbsp;&nbsp;<font color=\"#6f6f6f\">Barron&#8217;s<\/font><\/li>\n<li><a href=\"https:\/\/news.google.com\/rss\/articles\/CBMisAFBVV95cUxOeXpmQU1yaW5Ua3U3R3ZuTE5jUmxBeHJqWTBaSVNmUEJDbFljVVVIcmoxVTI2NW5rQ21XQlBCaUNpbzkxcGNIZS0tTk9GQzVuYXBISXJIWm5xR2haaHY2WTJoQmViWHlQTG43Ukk2aUVNOW5jYWx4aVROeE1hOUVUWmxoRjFBcVV2Z1haMzRYZWs4b0h5UzZMNDhKcWM3SHk4bktpUmxwbzEtdjN6by05Sw?oc=5\" target=\"_blank\">Magyar Sees Hungary on Cusp of Pro-EU Turn as Election Nears<\/a>&nbsp;&nbsp;<font color=\"#6f6f6f\">Bloomberg.com<\/font><\/li>\n<li><a href=\"https:\/\/news.google.com\/rss\/articles\/CBMiugFBVV95cUxOMXpoRU9zOGJUQ245TWJvRnJqaXpMcExBc0J0VFdoWkZXM1AtdG9zMU5xVE1lWDdfbS1NZkw0R1diTjQwZjZiQlFNbGZGcFI0QXEzQmhnX3ZiYUVoSTdoZDJnMGVzcDlRenRwZGE4T1NQeDg2YVNnV1QyYnNEM2lGaW9sMnItQ01QYi1HMXdaQzlQcVJqRFoxQVJvS1pMLUJzOFhnUG51TUdHTmxBYUFGcUtzNkZVV29GUVE?oc=5\" target=\"_blank\">Hungary&#8217;s Tisza party keeps its lead as number of undecided voters drops, poll shows<\/a>&nbsp;&nbsp;<font color=\"#6f6f6f\">Reuters<\/font><\/li>\n<\/ol>\n<p><a href=\"https:\/\/news.google.com\/rss\/articles\/CBMijgFBVV95cUxQcnZKYjBMMU1PNWNrakhlV250ZTRDY0tRZ0duczdLcEpISThWS29MOTBualduYktVcGNQU1JYUnAzYVBmRURRMlRPb1RrRWlOZUlDbi05REFUTm9SMUxzbHpTc3QxVkNXdHZKNGpLcTlkZEFFWmVZa0NaQXRoTmZVWnAxNzRBOEtKOTFDU3R30gGOAUFVX3lxTE1keE4zbGl6c20tVTN2aHdRQWpUbVBYMFlQSGIxbEhFZVBmOUdwWDNodmlCQ1gwWHBYMEZBVVJhMGxWQUZSSUtBYmRKbXd4RldtZlp0QkV3S25TRDE0cFAzenZUVHliVW1oZXRlUmM0SlpSU2dqTU9QUElTNW1JNVgwU0JXamNGUmV2cUV4UXc?oc=5\">source<\/a><\/p>\n","protected":false},"excerpt":{"rendered":"<p>Hungary: Magyar launches anti-Orban election campaign&nbsp;&nbsp;DW.com Hungarians have had enough of Viktor Orb\u00e1n. But Trump\u2019s tailwind could save his skin | Andr\u00e1s B\u00edr\u00f3-Nagy&nbsp;&nbsp;The Guardian Hungarian Opposition Leader Vows To Defend Rights In Election Challenge To Orban&nbsp;&nbsp;Barron&#8217;s Magyar Sees Hungary on Cusp of Pro-EU Turn as Election Nears&nbsp;&nbsp;Bloomberg.com Hungary&#8217;s Tisza party keeps its lead as number [&hellip;]<\/p>\n","protected":false},"author":1,"featured_media":200595,"comment_status":"closed","ping_status":"closed","sticky":false,"template":"","format":"standard","meta":{"_genesis_hide_title":false,"_genesis_hide_breadcrumbs":false,"_genesis_hide_singular_image":false,"_genesis_hide_footer_widgets":false,"_genesis_custom_body_class":"","_genesis_custom_post_class":"","_genesis_layout":"","footnotes":""},"categories":[4],"tags":[],"class_list":{"0":"post-200594","1":"post","2":"type-post","3":"status-publish","4":"format-standard","5":"has-post-thumbnail","7":"category-breaking-news-video","8":"entry"},"_links":{"self":[{"href":"https:\/\/quixnet.net\/wpinstance\/wp-json\/wp\/v2\/posts\/200594","targetHints":{"allow":["GET"]}}],"collection":[{"href":"https:\/\/quixnet.net\/wpinstance\/wp-json\/wp\/v2\/posts"}],"about":[{"href":"https:\/\/quixnet.net\/wpinstance\/wp-json\/wp\/v2\/types\/post"}],"author":[{"embeddable":true,"href":"https:\/\/quixnet.net\/wpinstance\/wp-json\/wp\/v2\/users\/1"}],"replies":[{"embeddable":true,"href":"https:\/\/quixnet.net\/wpinstance\/wp-json\/wp\/v2\/comments?post=200594"}],"version-history":[{"count":0,"href":"https:\/\/quixnet.net\/wpinstance\/wp-json\/wp\/v2\/posts\/200594\/revisions"}],"wp:featuredmedia":[{"embeddable":true,"href":"https:\/\/quixnet.net\/wpinstance\/wp-json\/wp\/v2\/media\/200595"}],"wp:attachment":[{"href":"https:\/\/quixnet.net\/wpinstance\/wp-json\/wp\/v2\/media?parent=200594"}],"wp:term":[{"taxonomy":"category","embeddable":true,"href":"https:\/\/quixnet.net\/wpinstance\/wp-json\/wp\/v2\/categories?post=200594"},{"taxonomy":"post_tag","embeddable":true,"href":"https:\/\/quixnet.net\/wpinstance\/wp-json\/wp\/v2\/tags?post=200594"}],"curies":[{"name":"wp","href":"https:\/\/api.w.org\/{rel}","templated":true}]}}